{
    "id": 10389,
    "date": "2025-05-09T14:23:55",
    "date_gmt": "2025-05-09T11:23:55",
    "guid": {
        "rendered": "https:\/\/visitoulu.fi\/?p=10389"
    },
    "modified": "2025-05-12T15:22:16",
    "modified_gmt": "2025-05-12T12:22:16",
    "slug": "yhdista-tyo-ja-tapahtumarikas-oulun-kesa",
    "status": "publish",
    "type": "post",
    "link": "http:\/\/visitoulufi-2025-10-14_10_27_17.test.cchosting.fi\/fi\/yhdista-tyo-ja-tapahtumarikas-oulun-kesa\/",
    "title": {
        "rendered": "Yhdist\u00e4 ty\u00f6 ja tapahtumarikas Oulun kes\u00e4"
    },
    "content": {
        "rendered": "<p>Oulu tarjoaa erinomaiset puitteet kes\u00e4isiin kokouksiin ja kongresseihin. Monipuoliset kokoustilat, laadukkaat majoituspalvelut ja toimiva infrastruktuuri luovat innostavan ilmapiirin niin pienille tiimip\u00e4iville kuin suurille tapahtumille. Kokousp\u00e4iv\u00e4n j\u00e4lkeen Oulussa voi uppoutua rikkaaseen tapahtumakes\u00e4\u00e4n, joka yhdist\u00e4\u00e4 taiteen, urheilun ja el\u00e4mykset \u2013 musiikin rytmeist\u00e4 kirjallisuuteen, vauhdikkaasta raviurheilusta vaikuttavaan arkkitehtuuriin.<\/p>\n\n\n\n<p><\/p>",
        "protected": false
    },
    "excerpt": {
        "rendered": "<p>Oulu tarjoaa erinomaiset puitteet kes\u00e4isiin kokouksiin ja kongresseihin. Monipuoliset kokoustilat, laadukkaat majoituspalvelut ja toimiva infrastruktuuri luovat innostavan ilmapiirin niin pienille tiimip\u00e4iville kuin suurille tapahtumille. Kokousp\u00e4iv\u00e4n j\u00e4lkeen Oulussa voi uppoutua rikkaaseen tapahtumakes\u00e4\u00e4n, joka yhdist\u00e4\u00e4 taiteen, urheilun ja el\u00e4mykset \u2013 musiikin rytmeist\u00e4 kirjallisuuteen, vauhdikkaasta raviurheilusta vaikuttavaan arkkitehtuuriin. [&#8230;]<\/p>\n<p><a class=\"btn btn-secondary understrap-read-more-link\" href=\"http:\/\/visitoulufi-2025-10-14_10_27_17.test.cchosting.fi\/fi\/yhdista-tyo-ja-tapahtumarikas-oulun-kesa\/\">Lue lis\u00e4\u00e4&#8230;<span class=\"screen-reader-text\"> from Yhdist\u00e4 ty\u00f6 ja tapahtumarikas Oulun kes\u00e4<\/span><\/a><\/p>",
        "protected": false
    },
    "author": 32,
    "featured_media": 10435,
    "comment_status": "closed",
    "ping_status": "open",
    "sticky": false,
    "template": "",
    "format": "standard",
    "meta": {
        "_acf_changed": false,
        "content-type": "",
        "footnotes": ""
    },
    "categories": [
        114,
        113
    ],
    "tags": [],
    "coauthors": [
        195
    ],
    "class_list": [
        "post-10389",
        "post",
        "type-post",
        "status-publish",
        "format-standard",
        "has-post-thumbnail",
        "hentry",
        "category-kokoukset",
        "category-kulttuuri"
    ],
    "acf": [],
    "yoast_head": "<!-- This site is optimized with the Yoast SEO plugin v26.0 - https:\/\/yoast.com\/wordpress\/plugins\/seo\/ -->\n<title>Yhdist\u00e4 ty\u00f6 ja tapahtumarikas Oulun kes\u00e4 - Visit Oulu<\/title>\n<meta name=\"robots\" content=\"index, follow, max-snippet:-1, max-image-preview:large, max-video-preview:-1\" \/>\n<link rel=\"canonical\" href=\"https:\/\/visitoulufi-2025-10-14_10_27_17.test.cchosting.fi\/fi\/yhdista-tyo-ja-tapahtumarikas-oulun-kesa\/\" \/>\n<meta property=\"og:locale\" content=\"fi_FI\" \/>\n<meta property=\"og:type\" content=\"article\" \/>\n<meta property=\"og:title\" content=\"Yhdist\u00e4 ty\u00f6 ja tapahtumarikas Oulun kes\u00e4 - Visit Oulu\" \/>\n<meta property=\"og:description\" content=\"Oulu tarjoaa erinomaiset puitteet kes\u00e4isiin kokouksiin ja kongresseihin. Monipuoliset kokoustilat, laadukkaat majoituspalvelut ja toimiva infrastruktuuri luovat innostavan ilmapiirin niin pienille tiimip\u00e4iville kuin suurille tapahtumille. Kokousp\u00e4iv\u00e4n j\u00e4lkeen Oulussa voi uppoutua rikkaaseen tapahtumakes\u00e4\u00e4n, joka yhdist\u00e4\u00e4 taiteen, urheilun ja el\u00e4mykset \u2013 musiikin rytmeist\u00e4 kirjallisuuteen, vauhdikkaasta raviurheilusta vaikuttavaan arkkitehtuuriin. [...]Lue lis\u00e4\u00e4... from Yhdist\u00e4 ty\u00f6 ja tapahtumarikas Oulun kes\u00e4\" \/>\n<meta property=\"og:url\" content=\"https:\/\/visitoulufi-2025-10-14_10_27_17.test.cchosting.fi\/fi\/yhdista-tyo-ja-tapahtumarikas-oulun-kesa\/\" \/>\n<meta property=\"og:site_name\" content=\"Visit Oulu\" \/>\n<meta property=\"article:published_time\" content=\"2025-05-09T11:23:55+00:00\" \/>\n<meta property=\"article:modified_time\" content=\"2025-05-12T12:22:16+00:00\" \/>\n<meta property=\"og:image\" content=\"https:\/\/visitoulufi-2025-10-14_10_27_17.test.cchosting.fi\/wp-content\/uploads\/2025\/05\/Kopio-Nallikari17-1024x683.png\" \/>\n\t<meta property=\"og:image:width\" content=\"1024\" \/>\n\t<meta property=\"og:image:height\" content=\"683\" \/>\n\t<meta property=\"og:image:type\" content=\"image\/png\" \/>\n<meta name=\"author\" content=\"Rosa Ruuskanen\" \/>\n<meta name=\"twitter:card\" content=\"summary_large_image\" \/>\n<meta name=\"twitter:label1\" content=\"Kirjoittanut\" \/>\n\t<meta name=\"twitter:data1\" content=\"Rosa Ruuskanen\" \/>\n\t<meta name=\"twitter:label2\" content=\"Arvioitu lukuaika\" \/>\n\t<meta name=\"twitter:data2\" content=\"4 minuuttia\" \/>\n\t<meta name=\"twitter:label3\" content=\"Written by\" \/>\n\t<meta name=\"twitter:data3\" content=\"Rosa Ruuskanen\" \/>\n<script type=\"application\/ld+json\" class=\"yoast-schema-graph\">{\"@context\":\"https:\/\/schema.org\",\"@graph\":[{\"@type\":\"WebPage\",\"@id\":\"https:\/\/visitoulufi-2025-10-14_10_27_17.test.cchosting.fi\/yhdista-tyo-ja-tapahtumarikas-oulun-kesa\/\",\"url\":\"https:\/\/visitoulufi-2025-10-14_10_27_17.test.cchosting.fi\/yhdista-tyo-ja-tapahtumarikas-oulun-kesa\/\",\"name\":\"Yhdist\u00e4 ty\u00f6 ja tapahtumarikas Oulun kes\u00e4 - Visit Oulu\",\"isPartOf\":{\"@id\":\"https:\/\/visitoulufi-2025-10-14_10_27_17.test.cchosting.fi\/#website\"},\"primaryImageOfPage\":{\"@id\":\"https:\/\/visitoulufi-2025-10-14_10_27_17.test.cchosting.fi\/yhdista-tyo-ja-tapahtumarikas-oulun-kesa\/#primaryimage\"},\"image\":{\"@id\":\"https:\/\/visitoulufi-2025-10-14_10_27_17.test.cchosting.fi\/yhdista-tyo-ja-tapahtumarikas-oulun-kesa\/#primaryimage\"},\"thumbnailUrl\":\"https:\/\/visitoulufi-2025-10-14_10_27_17.test.cchosting.fi\/wp-content\/uploads\/2025\/05\/Kopio-Nallikari17.png\",\"datePublished\":\"2025-05-09T11:23:55+00:00\",\"dateModified\":\"2025-05-12T12:22:16+00:00\",\"author\":{\"@id\":\"https:\/\/visitoulufi-2025-10-14_10_27_17.test.cchosting.fi\/#\/schema\/person\/b8e5a4a1f07dd73554ffbbe2b8e8dc58\"},\"breadcrumb\":{\"@id\":\"https:\/\/visitoulufi-2025-10-14_10_27_17.test.cchosting.fi\/yhdista-tyo-ja-tapahtumarikas-oulun-kesa\/#breadcrumb\"},\"inLanguage\":\"fi\",\"potentialAction\":[{\"@type\":\"ReadAction\",\"target\":[\"https:\/\/visitoulufi-2025-10-14_10_27_17.test.cchosting.fi\/yhdista-tyo-ja-tapahtumarikas-oulun-kesa\/\"]}]},{\"@type\":\"ImageObject\",\"inLanguage\":\"fi\",\"@id\":\"https:\/\/visitoulufi-2025-10-14_10_27_17.test.cchosting.fi\/yhdista-tyo-ja-tapahtumarikas-oulun-kesa\/#primaryimage\",\"url\":\"https:\/\/visitoulufi-2025-10-14_10_27_17.test.cchosting.fi\/wp-content\/uploads\/2025\/05\/Kopio-Nallikari17.png\",\"contentUrl\":\"https:\/\/visitoulufi-2025-10-14_10_27_17.test.cchosting.fi\/wp-content\/uploads\/2025\/05\/Kopio-Nallikari17.png\",\"width\":2048,\"height\":1365,\"caption\":\"Ravit\"},{\"@type\":\"BreadcrumbList\",\"@id\":\"https:\/\/visitoulufi-2025-10-14_10_27_17.test.cchosting.fi\/yhdista-tyo-ja-tapahtumarikas-oulun-kesa\/#breadcrumb\",\"itemListElement\":[{\"@type\":\"ListItem\",\"position\":1,\"name\":\"Etusivu\",\"item\":\"https:\/\/visitoulufi-2025-10-14_10_27_17.test.cchosting.fi\/\"},{\"@type\":\"ListItem\",\"position\":2,\"name\":\"Yhdist\u00e4 ty\u00f6 ja tapahtumarikas Oulun kes\u00e4\"}]},{\"@type\":\"WebSite\",\"@id\":\"https:\/\/visitoulufi-2025-10-14_10_27_17.test.cchosting.fi\/#website\",\"url\":\"https:\/\/visitoulufi-2025-10-14_10_27_17.test.cchosting.fi\/\",\"name\":\"Visit Oulu\",\"description\":\"\",\"potentialAction\":[{\"@type\":\"SearchAction\",\"target\":{\"@type\":\"EntryPoint\",\"urlTemplate\":\"https:\/\/visitoulufi-2025-10-14_10_27_17.test.cchosting.fi\/?s={search_term_string}\"},\"query-input\":{\"@type\":\"PropertyValueSpecification\",\"valueRequired\":true,\"valueName\":\"search_term_string\"}}],\"inLanguage\":\"fi\"},{\"@type\":\"Person\",\"@id\":\"https:\/\/visitoulufi-2025-10-14_10_27_17.test.cchosting.fi\/#\/schema\/person\/b8e5a4a1f07dd73554ffbbe2b8e8dc58\",\"name\":\"Rosa Ruuskanen\",\"image\":{\"@type\":\"ImageObject\",\"inLanguage\":\"fi\",\"@id\":\"https:\/\/visitoulufi-2025-10-14_10_27_17.test.cchosting.fi\/#\/schema\/person\/image\/c5227ba7c3f401aa50ca43e56399553f\",\"url\":\"https:\/\/secure.gravatar.com\/avatar\/ccc3f3faaf914d7086285c9a5914ab5034c81ccd25f3274a6f036ce798271ae7?s=96&d=mm&r=g\",\"contentUrl\":\"https:\/\/secure.gravatar.com\/avatar\/ccc3f3faaf914d7086285c9a5914ab5034c81ccd25f3274a6f036ce798271ae7?s=96&d=mm&r=g\",\"caption\":\"Rosa Ruuskanen\"},\"url\":\"http:\/\/visitoulufi-2025-10-14_10_27_17.test.cchosting.fi\/fi\/author\/rosavisitoulu-fi\/\"}]}<\/script>\n<!-- \/ Yoast SEO plugin. -->",
    "yoast_head_json": {
        "title": "Yhdist\u00e4 ty\u00f6 ja tapahtumarikas Oulun kes\u00e4 - Visit Oulu",
        "robots": {
            "index": "index",
            "follow": "follow",
            "max-snippet": "max-snippet:-1",
            "max-image-preview": "max-image-preview:large",
            "max-video-preview": "max-video-preview:-1"
        },
        "canonical": "https:\/\/visitoulufi-2025-10-14_10_27_17.test.cchosting.fi\/fi\/yhdista-tyo-ja-tapahtumarikas-oulun-kesa\/",
        "og_locale": "fi_FI",
        "og_type": "article",
        "og_title": "Yhdist\u00e4 ty\u00f6 ja tapahtumarikas Oulun kes\u00e4 - Visit Oulu",
        "og_description": "Oulu tarjoaa erinomaiset puitteet kes\u00e4isiin kokouksiin ja kongresseihin. Monipuoliset kokoustilat, laadukkaat majoituspalvelut ja toimiva infrastruktuuri luovat innostavan ilmapiirin niin pienille tiimip\u00e4iville kuin suurille tapahtumille. Kokousp\u00e4iv\u00e4n j\u00e4lkeen Oulussa voi uppoutua rikkaaseen tapahtumakes\u00e4\u00e4n, joka yhdist\u00e4\u00e4 taiteen, urheilun ja el\u00e4mykset \u2013 musiikin rytmeist\u00e4 kirjallisuuteen, vauhdikkaasta raviurheilusta vaikuttavaan arkkitehtuuriin. [...]Lue lis\u00e4\u00e4... from Yhdist\u00e4 ty\u00f6 ja tapahtumarikas Oulun kes\u00e4",
        "og_url": "https:\/\/visitoulufi-2025-10-14_10_27_17.test.cchosting.fi\/fi\/yhdista-tyo-ja-tapahtumarikas-oulun-kesa\/",
        "og_site_name": "Visit Oulu",
        "article_published_time": "2025-05-09T11:23:55+00:00",
        "article_modified_time": "2025-05-12T12:22:16+00:00",
        "og_image": [
            {
                "width": 1024,
                "height": 683,
                "url": "https:\/\/visitoulufi-2025-10-14_10_27_17.test.cchosting.fi\/wp-content\/uploads\/2025\/05\/Kopio-Nallikari17-1024x683.png",
                "type": "image\/png"
            }
        ],
        "author": "Rosa Ruuskanen",
        "twitter_card": "summary_large_image",
        "twitter_misc": {
            "Kirjoittanut": "Rosa Ruuskanen",
            "Arvioitu lukuaika": "4 minuuttia",
            "Written by": "Rosa Ruuskanen"
        },
        "schema": {
            "@context": "https:\/\/schema.org",
            "@graph": [
                {
                    "@type": "WebPage",
                    "@id": "https:\/\/visitoulufi-2025-10-14_10_27_17.test.cchosting.fi\/yhdista-tyo-ja-tapahtumarikas-oulun-kesa\/",
                    "url": "https:\/\/visitoulufi-2025-10-14_10_27_17.test.cchosting.fi\/yhdista-tyo-ja-tapahtumarikas-oulun-kesa\/",
                    "name": "Yhdist\u00e4 ty\u00f6 ja tapahtumarikas Oulun kes\u00e4 - Visit Oulu",
                    "isPartOf": {
                        "@id": "https:\/\/visitoulufi-2025-10-14_10_27_17.test.cchosting.fi\/#website"
                    },
                    "primaryImageOfPage": {
                        "@id": "https:\/\/visitoulufi-2025-10-14_10_27_17.test.cchosting.fi\/yhdista-tyo-ja-tapahtumarikas-oulun-kesa\/#primaryimage"
                    },
                    "image": {
                        "@id": "https:\/\/visitoulufi-2025-10-14_10_27_17.test.cchosting.fi\/yhdista-tyo-ja-tapahtumarikas-oulun-kesa\/#primaryimage"
                    },
                    "thumbnailUrl": "https:\/\/visitoulufi-2025-10-14_10_27_17.test.cchosting.fi\/wp-content\/uploads\/2025\/05\/Kopio-Nallikari17.png",
                    "datePublished": "2025-05-09T11:23:55+00:00",
                    "dateModified": "2025-05-12T12:22:16+00:00",
                    "author": {
                        "@id": "https:\/\/visitoulufi-2025-10-14_10_27_17.test.cchosting.fi\/#\/schema\/person\/b8e5a4a1f07dd73554ffbbe2b8e8dc58"
                    },
                    "breadcrumb": {
                        "@id": "https:\/\/visitoulufi-2025-10-14_10_27_17.test.cchosting.fi\/yhdista-tyo-ja-tapahtumarikas-oulun-kesa\/#breadcrumb"
                    },
                    "inLanguage": "fi",
                    "potentialAction": [
                        {
                            "@type": "ReadAction",
                            "target": [
                                "https:\/\/visitoulufi-2025-10-14_10_27_17.test.cchosting.fi\/yhdista-tyo-ja-tapahtumarikas-oulun-kesa\/"
                            ]
                        }
                    ]
                },
                {
                    "@type": "ImageObject",
                    "inLanguage": "fi",
                    "@id": "https:\/\/visitoulufi-2025-10-14_10_27_17.test.cchosting.fi\/yhdista-tyo-ja-tapahtumarikas-oulun-kesa\/#primaryimage",
                    "url": "https:\/\/visitoulufi-2025-10-14_10_27_17.test.cchosting.fi\/wp-content\/uploads\/2025\/05\/Kopio-Nallikari17.png",
                    "contentUrl": "https:\/\/visitoulufi-2025-10-14_10_27_17.test.cchosting.fi\/wp-content\/uploads\/2025\/05\/Kopio-Nallikari17.png",
                    "width": 2048,
                    "height": 1365,
                    "caption": "Ravit"
                },
                {
                    "@type": "BreadcrumbList",
                    "@id": "https:\/\/visitoulufi-2025-10-14_10_27_17.test.cchosting.fi\/yhdista-tyo-ja-tapahtumarikas-oulun-kesa\/#breadcrumb",
                    "itemListElement": [
                        {
                            "@type": "ListItem",
                            "position": 1,
                            "name": "Etusivu",
                            "item": "https:\/\/visitoulufi-2025-10-14_10_27_17.test.cchosting.fi\/"
                        },
                        {
                            "@type": "ListItem",
                            "position": 2,
                            "name": "Yhdist\u00e4 ty\u00f6 ja tapahtumarikas Oulun kes\u00e4"
                        }
                    ]
                },
                {
                    "@type": "WebSite",
                    "@id": "https:\/\/visitoulufi-2025-10-14_10_27_17.test.cchosting.fi\/#website",
                    "url": "https:\/\/visitoulufi-2025-10-14_10_27_17.test.cchosting.fi\/",
                    "name": "Visit Oulu",
                    "description": "",
                    "potentialAction": [
                        {
                            "@type": "SearchAction",
                            "target": {
                                "@type": "EntryPoint",
                                "urlTemplate": "https:\/\/visitoulufi-2025-10-14_10_27_17.test.cchosting.fi\/?s={search_term_string}"
                            },
                            "query-input": {
                                "@type": "PropertyValueSpecification",
                                "valueRequired": true,
                                "valueName": "search_term_string"
                            }
                        }
                    ],
                    "inLanguage": "fi"
                },
                {
                    "@type": "Person",
                    "@id": "https:\/\/visitoulufi-2025-10-14_10_27_17.test.cchosting.fi\/#\/schema\/person\/b8e5a4a1f07dd73554ffbbe2b8e8dc58",
                    "name": "Rosa Ruuskanen",
                    "image": {
                        "@type": "ImageObject",
                        "inLanguage": "fi",
                        "@id": "https:\/\/visitoulufi-2025-10-14_10_27_17.test.cchosting.fi\/#\/schema\/person\/image\/c5227ba7c3f401aa50ca43e56399553f",
                        "url": "https:\/\/secure.gravatar.com\/avatar\/ccc3f3faaf914d7086285c9a5914ab5034c81ccd25f3274a6f036ce798271ae7?s=96&d=mm&r=g",
                        "contentUrl": "https:\/\/secure.gravatar.com\/avatar\/ccc3f3faaf914d7086285c9a5914ab5034c81ccd25f3274a6f036ce798271ae7?s=96&d=mm&r=g",
                        "caption": "Rosa Ruuskanen"
                    },
                    "url": "http:\/\/visitoulufi-2025-10-14_10_27_17.test.cchosting.fi\/fi\/author\/rosavisitoulu-fi\/"
                }
            ]
        }
    },
    "_links": {
        "self": [
            {
                "href": "http:\/\/visitoulufi-2025-10-14_10_27_17.test.cchosting.fi\/fi\/wp-json\/wp\/v2\/posts\/10389",
                "targetHints": {
                    "allow": [
                        "GET"
                    ]
                }
            }
        ],
        "collection": [
            {
                "href": "http:\/\/visitoulufi-2025-10-14_10_27_17.test.cchosting.fi\/fi\/wp-json\/wp\/v2\/posts"
            }
        ],
        "about": [
            {
                "href": "http:\/\/visitoulufi-2025-10-14_10_27_17.test.cchosting.fi\/fi\/wp-json\/wp\/v2\/types\/post"
            }
        ],
        "author": [
            {
                "embeddable": true,
                "href": "http:\/\/visitoulufi-2025-10-14_10_27_17.test.cchosting.fi\/fi\/wp-json\/wp\/v2\/users\/32"
            }
        ],
        "replies": [
            {
                "embeddable": true,
                "href": "http:\/\/visitoulufi-2025-10-14_10_27_17.test.cchosting.fi\/fi\/wp-json\/wp\/v2\/comments?post=10389"
            }
        ],
        "version-history": [
            {
                "count": 10,
                "href": "http:\/\/visitoulufi-2025-10-14_10_27_17.test.cchosting.fi\/fi\/wp-json\/wp\/v2\/posts\/10389\/revisions"
            }
        ],
        "predecessor-version": [
            {
                "id": 10431,
                "href": "http:\/\/visitoulufi-2025-10-14_10_27_17.test.cchosting.fi\/fi\/wp-json\/wp\/v2\/posts\/10389\/revisions\/10431"
            }
        ],
        "wp:featuredmedia": [
            {
                "embeddable": true,
                "href": "http:\/\/visitoulufi-2025-10-14_10_27_17.test.cchosting.fi\/fi\/wp-json\/wp\/v2\/media\/10435"
            }
        ],
        "wp:attachment": [
            {
                "href": "http:\/\/visitoulufi-2025-10-14_10_27_17.test.cchosting.fi\/fi\/wp-json\/wp\/v2\/media?parent=10389"
            }
        ],
        "wp:term": [
            {
                "taxonomy": "category",
                "embeddable": true,
                "href": "http:\/\/visitoulufi-2025-10-14_10_27_17.test.cchosting.fi\/fi\/wp-json\/wp\/v2\/categories?post=10389"
            },
            {
                "taxonomy": "post_tag",
                "embeddable": true,
                "href": "http:\/\/visitoulufi-2025-10-14_10_27_17.test.cchosting.fi\/fi\/wp-json\/wp\/v2\/tags?post=10389"
            },
            {
                "taxonomy": "author",
                "embeddable": true,
                "href": "http:\/\/visitoulufi-2025-10-14_10_27_17.test.cchosting.fi\/fi\/wp-json\/wp\/v2\/coauthors?post=10389"
            }
        ],
        "curies": [
            {
                "name": "wp",
                "href": "https:\/\/api.w.org\/{rel}",
                "templated": true
            }
        ]
    }
}